{"id":7932,"date":"2025-07-11T11:05:08","date_gmt":"2025-07-11T09:05:08","guid":{"rendered":"https:\/\/www.cb-weinhandel.de\/blog\/?p=7932"},"modified":"2025-07-11T11:05:17","modified_gmt":"2025-07-11T09:05:17","slug":"tement-2023-sauvignon-blanc","status":"publish","type":"post","link":"https:\/\/www.cb-weinhandel.de\/blog\/tement-2023-sauvignon-blanc\/","title":{"rendered":"Tement 2023. Kalk, Kreide und ein Lichtblick im Glas"},"content":{"rendered":"<p>[et_pb_section fb_built=&#8220;1&#8243; admin_label=&#8220;section&#8220; _builder_version=&#8220;4.20.2&#8243; hover_enabled=&#8220;0&#8243; global_colors_info=&#8220;{}&#8220; sticky_enabled=&#8220;0&#8243;][et_pb_row admin_label=&#8220;row&#8220; _builder_version=&#8220;4.20.2&#8243; background_size=&#8220;initial&#8220; background_position=&#8220;top_left&#8220; background_repeat=&#8220;repeat&#8220; hover_enabled=&#8220;0&#8243; global_colors_info=&#8220;{}&#8220; custom_padding=&#8220;0px||||false|false&#8220; sticky_enabled=&#8220;0&#8243;][et_pb_column type=&#8220;4_4&#8243; _builder_version=&#8220;4.16&#8243; custom_padding=&#8220;|||&#8220; global_colors_info=&#8220;{}&#8220; custom_padding__hover=&#8220;|||&#8220;][et_pb_text admin_label=&#8220;Text&#8220; _builder_version=&#8220;4.20.2&#8243; text_font_size=&#8220;18px&#8220; background_size=&#8220;initial&#8220; background_position=&#8220;top_left&#8220; background_repeat=&#8220;repeat&#8220; hover_enabled=&#8220;0&#8243; global_colors_info=&#8220;{}&#8220; sticky_enabled=&#8220;0&#8243;]<\/p>\n<p><em>Fotorechte: <strong>Familienweingut Tement GmbH<\/strong><\/em><\/p>\n<p>Mit dem wechselhaften Wetter in NRW sind auch Lust und Laune verwirrt. Nicht mal hei\u00df oder warm ist es \u2013 unentschieden ziehen die Wolken \u00fcber den Himmel, und man steht vor dem Weinregal im Keller genauso <em>dazed and confused<\/em>.<br \/>Dann lasse ich doch meine Speisekarte entscheiden, welcher Aperitif und Begleiter heute auf den Tisch kommen.<\/p>\n<p>Passend dazu: Auch der Jahrgang 2023 war in \u00d6sterreich wettertechnisch ein kleiner Drahtseilakt. Launenhaft wie der Himmel hier \u2013 und doch brachte er Weine hervor, die gerade durch ihre Klarheit \u00fcberraschen.<\/p>\n<div class=\"product-info-details col-xs-12 col-md-4\" style=\"top: -69.3667px;\">\n<form class=\"form-horizontal js-product-form product-info\" action=\"de\/product_info.php?gm_boosted_product=tement-suedsteiermark-dac-sauvignon-blanc&amp;language=de&amp;products_id=10330&amp;action=add_product\">\n<h2 class=\"hidden-xs hidden-sm ribbon-spacing\">Tement 2023 Sauvignon Blanc<\/h2>\n<\/form>\n<\/div>\n<p>Der 2023er \u201eKalk &amp; Kreide\u201c Sauvignon Blanc vom <span style=\"color: #8300e9;\"><a href=\"https:\/\/www.tement.at\/\" style=\"color: #8300e9;\">Weingut Tement<\/a><\/span> bringt die n\u00f6tige Klarheit ins Glas.<\/p>\n<p>Der Wein tr\u00e4gt die gesch\u00fctzte Herkunftsbezeichnung \u201eS\u00fcdsteiermark DAC\u201c \u2013 das steht f\u00fcr \u201eDistrictus Austriae Controllatus\u201c und garantiert, dass er regionaltypisch, herkunftsgepr\u00e4gt und qualit\u00e4tsgepr\u00fcft ist. In der S\u00fcdsteiermark bedeutet das: Frische, Eleganz, und vor allem Klarheit in der Stilistik.<\/p>\n<p>Schon die Farbe wirkt belebend: Helles Gr\u00fcngelb mit silbernem Reflex, klar und frisch. In der Nase treffen gr\u00fcne Birne und ein leiser Hauch Holunder auf etwas, das an ausgekochte Zitronenschale erinnert \u2013 leicht herb, fast \u00e4therisch. Darunter liegt ein feiner mineralischer Ton, der an nassen Stein und Kalk erinnert.<\/p>\n<p>Am Gaumen zeigt sich der Wein direkt: spritzig, lebendig und glockenklar. Wieder gr\u00fcne Birne, dazu eine zarte, k\u00fchle Mineralit\u00e4t. Die S\u00e4ure ist pr\u00e4sent, aber nicht spitz \u2013 eher wie ein klarer Gebirgsbach, der durch den Mund flie\u00dft. Der Abgang \u00fcberrascht mit gr\u00fcner Apfelfrische und einer feinen salzigen L\u00e4nge, die Lust auf den n\u00e4chsten Schluck macht.<\/p>\n<p>Ein typischer Vertreter der s\u00fcdsteirischen Stilistik \u2013 puristisch, animierend, dabei aber nie k\u00fchl oder distanziert. Tement gelingt hier ein Sauvignon Blanc, der zugleich zug\u00e4nglich und anspruchsvoll ist.<\/p>\n<p><strong>Was bedeutet DAC?<\/strong><\/p>\n<p><strong>DAC<\/strong> steht f\u00fcr <em>Districtus Austriae Controllatus<\/em> \u2013 ein Herkunftssystem, das \u00f6sterreichische Qualit\u00e4tsweine regional eindeutig kennzeichnet.<br \/>Ein DAC-Wein muss nicht nur aus einer bestimmten Region stammen, sondern auch deren typischen Stil widerspiegeln. Die Kriterien daf\u00fcr werden streng gepr\u00fcft: Rebsorte, Ausbau, Alkohol, Geschmack und Herkunft m\u00fcssen dem regionalen Profil entsprechen.<\/p>\n<p><strong>S\u00fcdsteiermark DAC<\/strong> steht f\u00fcr frische, pr\u00e4zise Wei\u00dfweine \u2013 vor allem Sauvignon Blanc \u2013, die mineralisch, aromatisch und klar strukturiert sind.<\/p>\n<p><em>Oder kurz gesagt: Wenn DAC draufsteht, ist S\u00fcdsteiermark drin.<\/em><\/p>\n<p>[\/et_pb_text][\/et_pb_column][\/et_pb_row][\/et_pb_section]<\/p>\n","protected":false},"excerpt":{"rendered":"<p>Fotorechte: Familienweingut Tement GmbH Mit dem wechselhaften Wetter in NRW sind auch Lust und Laune verwirrt. Nicht mal hei\u00df oder warm ist es \u2013 unentschieden ziehen die Wolken \u00fcber den Himmel, und man steht vor dem Weinregal im Keller genauso dazed and confused.Dann lasse ich doch meine Speisekarte entscheiden, welcher Aperitif und Begleiter heute auf [&hellip;]<\/p>\n","protected":false},"author":4,"featured_media":7939,"comment_status":"open","ping_status":"open","sticky":false,"template":"","format":"standard","meta":{"_et_pb_use_builder":"on","_et_pb_old_content":"","_et_gb_content_width":"","footnotes":""},"categories":[1],"tags":[117],"class_list":["post-7932","post","type-post","status-publish","format-standard","has-post-thumbnail","hentry","category-rundschau","tag-sauvignon-blanc"],"yoast_head":"<!-- This site is optimized with the Yoast SEO plugin v27.5 - https:\/\/yoast.com\/product\/yoast-seo-wordpress\/ -->\n<title>Tement 2023. Kalk, Kreide und ein Lichtblick im Glas - CB-Weinblog<\/title>\n<meta name=\"description\" content=\"Der 2023er \u201eKalk &amp; Kreide\u201c Sauvignon Blanc vom Weingut Tement bringt die n\u00f6tige Klarheit ins Glas. Am Gaumen spritzig, lebendig, glockenklar.\" \/>\n<meta name=\"robots\" content=\"index, follow, max-snippet:-1, max-image-preview:large, max-video-preview:-1\" \/>\n<link rel=\"canonical\" href=\"https:\/\/www.cb-weinhandel.de\/blog\/tement-2023-sauvignon-blanc\/\" \/>\n<meta property=\"og:locale\" content=\"de_DE\" \/>\n<meta property=\"og:type\" content=\"article\" \/>\n<meta property=\"og:title\" content=\"Tement 2023. Kalk, Kreide und ein Lichtblick im Glas - CB-Weinblog\" \/>\n<meta property=\"og:description\" content=\"Der 2023er \u201eKalk &amp; Kreide\u201c Sauvignon Blanc vom Weingut Tement bringt die n\u00f6tige Klarheit ins Glas. Am Gaumen spritzig, lebendig, glockenklar.\" \/>\n<meta property=\"og:url\" content=\"https:\/\/www.cb-weinhandel.de\/blog\/tement-2023-sauvignon-blanc\/\" \/>\n<meta property=\"og:site_name\" content=\"CB-Weinblog\" \/>\n<meta property=\"article:publisher\" content=\"https:\/\/www.facebook.com\/cbweinhandel.de\" \/>\n<meta property=\"article:published_time\" content=\"2025-07-11T09:05:08+00:00\" \/>\n<meta property=\"article:modified_time\" content=\"2025-07-11T09:05:17+00:00\" \/>\n<meta property=\"og:image\" content=\"https:\/\/www.cb-weinhandel.de\/blog\/wp-content\/uploads\/2025\/07\/Tement_lagen.jpg\" \/>\n\t<meta property=\"og:image:width\" content=\"700\" \/>\n\t<meta property=\"og:image:height\" content=\"466\" \/>\n\t<meta property=\"og:image:type\" content=\"image\/jpeg\" \/>\n<meta name=\"author\" content=\"Yevgeniy Kucherskyy\" \/>\n<meta name=\"twitter:card\" content=\"summary_large_image\" \/>\n<meta name=\"twitter:label1\" content=\"Verfasst von\" \/>\n\t<meta name=\"twitter:data1\" content=\"Yevgeniy Kucherskyy\" \/>\n\t<meta name=\"twitter:label2\" content=\"Gesch\u00e4tzte Lesezeit\" \/>\n\t<meta name=\"twitter:data2\" content=\"3\u00a0Minuten\" \/>\n<script type=\"application\/ld+json\" class=\"yoast-schema-graph\">{\"@context\":\"https:\\\/\\\/schema.org\",\"@graph\":[{\"@type\":\"Article\",\"@id\":\"https:\\\/\\\/www.cb-weinhandel.de\\\/blog\\\/tement-2023-sauvignon-blanc\\\/#article\",\"isPartOf\":{\"@id\":\"https:\\\/\\\/www.cb-weinhandel.de\\\/blog\\\/tement-2023-sauvignon-blanc\\\/\"},\"author\":{\"name\":\"Yevgeniy Kucherskyy\",\"@id\":\"https:\\\/\\\/www.cb-weinhandel.de\\\/blog\\\/#\\\/schema\\\/person\\\/231767a416fdeeb7a19067dbce8c1cee\"},\"headline\":\"Tement 2023. Kalk, Kreide und ein Lichtblick im Glas\",\"datePublished\":\"2025-07-11T09:05:08+00:00\",\"dateModified\":\"2025-07-11T09:05:17+00:00\",\"mainEntityOfPage\":{\"@id\":\"https:\\\/\\\/www.cb-weinhandel.de\\\/blog\\\/tement-2023-sauvignon-blanc\\\/\"},\"wordCount\":491,\"commentCount\":0,\"publisher\":{\"@id\":\"https:\\\/\\\/www.cb-weinhandel.de\\\/blog\\\/#organization\"},\"image\":{\"@id\":\"https:\\\/\\\/www.cb-weinhandel.de\\\/blog\\\/tement-2023-sauvignon-blanc\\\/#primaryimage\"},\"thumbnailUrl\":\"https:\\\/\\\/www.cb-weinhandel.de\\\/blog\\\/wp-content\\\/uploads\\\/2025\\\/07\\\/Tement_lagen.jpg\",\"keywords\":[\"Sauvignon Blanc\"],\"articleSection\":[\"Rundschau\"],\"inLanguage\":\"de\",\"potentialAction\":[{\"@type\":\"CommentAction\",\"name\":\"Comment\",\"target\":[\"https:\\\/\\\/www.cb-weinhandel.de\\\/blog\\\/tement-2023-sauvignon-blanc\\\/#respond\"]}]},{\"@type\":\"WebPage\",\"@id\":\"https:\\\/\\\/www.cb-weinhandel.de\\\/blog\\\/tement-2023-sauvignon-blanc\\\/\",\"url\":\"https:\\\/\\\/www.cb-weinhandel.de\\\/blog\\\/tement-2023-sauvignon-blanc\\\/\",\"name\":\"Tement 2023. Kalk, Kreide und ein Lichtblick im Glas - CB-Weinblog\",\"isPartOf\":{\"@id\":\"https:\\\/\\\/www.cb-weinhandel.de\\\/blog\\\/#website\"},\"primaryImageOfPage\":{\"@id\":\"https:\\\/\\\/www.cb-weinhandel.de\\\/blog\\\/tement-2023-sauvignon-blanc\\\/#primaryimage\"},\"image\":{\"@id\":\"https:\\\/\\\/www.cb-weinhandel.de\\\/blog\\\/tement-2023-sauvignon-blanc\\\/#primaryimage\"},\"thumbnailUrl\":\"https:\\\/\\\/www.cb-weinhandel.de\\\/blog\\\/wp-content\\\/uploads\\\/2025\\\/07\\\/Tement_lagen.jpg\",\"datePublished\":\"2025-07-11T09:05:08+00:00\",\"dateModified\":\"2025-07-11T09:05:17+00:00\",\"description\":\"Der 2023er \u201eKalk & Kreide\u201c Sauvignon Blanc vom Weingut Tement bringt die n\u00f6tige Klarheit ins Glas. Am Gaumen spritzig, lebendig, glockenklar.\",\"breadcrumb\":{\"@id\":\"https:\\\/\\\/www.cb-weinhandel.de\\\/blog\\\/tement-2023-sauvignon-blanc\\\/#breadcrumb\"},\"inLanguage\":\"de\",\"potentialAction\":[{\"@type\":\"ReadAction\",\"target\":[\"https:\\\/\\\/www.cb-weinhandel.de\\\/blog\\\/tement-2023-sauvignon-blanc\\\/\"]}]},{\"@type\":\"ImageObject\",\"inLanguage\":\"de\",\"@id\":\"https:\\\/\\\/www.cb-weinhandel.de\\\/blog\\\/tement-2023-sauvignon-blanc\\\/#primaryimage\",\"url\":\"https:\\\/\\\/www.cb-weinhandel.de\\\/blog\\\/wp-content\\\/uploads\\\/2025\\\/07\\\/Tement_lagen.jpg\",\"contentUrl\":\"https:\\\/\\\/www.cb-weinhandel.de\\\/blog\\\/wp-content\\\/uploads\\\/2025\\\/07\\\/Tement_lagen.jpg\",\"width\":700,\"height\":466,\"caption\":\"Tement_Kalk_und_Kreide\"},{\"@type\":\"BreadcrumbList\",\"@id\":\"https:\\\/\\\/www.cb-weinhandel.de\\\/blog\\\/tement-2023-sauvignon-blanc\\\/#breadcrumb\",\"itemListElement\":[{\"@type\":\"ListItem\",\"position\":1,\"name\":\"Startseite\",\"item\":\"https:\\\/\\\/www.cb-weinhandel.de\\\/blog\\\/\"},{\"@type\":\"ListItem\",\"position\":2,\"name\":\"Tement 2023. Kalk, Kreide und ein Lichtblick im Glas\"}]},{\"@type\":\"WebSite\",\"@id\":\"https:\\\/\\\/www.cb-weinhandel.de\\\/blog\\\/#website\",\"url\":\"https:\\\/\\\/www.cb-weinhandel.de\\\/blog\\\/\",\"name\":\"CB-Weinblog\",\"description\":\"Alles \u00fcber Wein\",\"publisher\":{\"@id\":\"https:\\\/\\\/www.cb-weinhandel.de\\\/blog\\\/#organization\"},\"potentialAction\":[{\"@type\":\"SearchAction\",\"target\":{\"@type\":\"EntryPoint\",\"urlTemplate\":\"https:\\\/\\\/www.cb-weinhandel.de\\\/blog\\\/?s={search_term_string}\"},\"query-input\":{\"@type\":\"PropertyValueSpecification\",\"valueRequired\":true,\"valueName\":\"search_term_string\"}}],\"inLanguage\":\"de\"},{\"@type\":\"Organization\",\"@id\":\"https:\\\/\\\/www.cb-weinhandel.de\\\/blog\\\/#organization\",\"name\":\"CB Weinhandel\",\"url\":\"https:\\\/\\\/www.cb-weinhandel.de\\\/blog\\\/\",\"logo\":{\"@type\":\"ImageObject\",\"inLanguage\":\"de\",\"@id\":\"https:\\\/\\\/www.cb-weinhandel.de\\\/blog\\\/#\\\/schema\\\/logo\\\/image\\\/\",\"url\":\"https:\\\/\\\/www.cb-weinhandel.de\\\/blog\\\/wp-content\\\/uploads\\\/2023\\\/04\\\/CB-Logo.jpg\",\"contentUrl\":\"https:\\\/\\\/www.cb-weinhandel.de\\\/blog\\\/wp-content\\\/uploads\\\/2023\\\/04\\\/CB-Logo.jpg\",\"width\":144,\"height\":163,\"caption\":\"CB Weinhandel\"},\"image\":{\"@id\":\"https:\\\/\\\/www.cb-weinhandel.de\\\/blog\\\/#\\\/schema\\\/logo\\\/image\\\/\"},\"sameAs\":[\"https:\\\/\\\/www.facebook.com\\\/cbweinhandel.de\"]},{\"@type\":\"Person\",\"@id\":\"https:\\\/\\\/www.cb-weinhandel.de\\\/blog\\\/#\\\/schema\\\/person\\\/231767a416fdeeb7a19067dbce8c1cee\",\"name\":\"Yevgeniy Kucherskyy\",\"sameAs\":[\"http:\\\/\\\/special-content.de\"],\"url\":\"https:\\\/\\\/www.cb-weinhandel.de\\\/blog\\\/author\\\/yevgeniy-kucherskyy\\\/\"}]}<\/script>\n<!-- \/ Yoast SEO plugin. -->","yoast_head_json":{"title":"Tement 2023. Kalk, Kreide und ein Lichtblick im Glas - CB-Weinblog","description":"Der 2023er \u201eKalk & Kreide\u201c Sauvignon Blanc vom Weingut Tement bringt die n\u00f6tige Klarheit ins Glas. Am Gaumen spritzig, lebendig, glockenklar.","robots":{"index":"index","follow":"follow","max-snippet":"max-snippet:-1","max-image-preview":"max-image-preview:large","max-video-preview":"max-video-preview:-1"},"canonical":"https:\/\/www.cb-weinhandel.de\/blog\/tement-2023-sauvignon-blanc\/","og_locale":"de_DE","og_type":"article","og_title":"Tement 2023. Kalk, Kreide und ein Lichtblick im Glas - CB-Weinblog","og_description":"Der 2023er \u201eKalk & Kreide\u201c Sauvignon Blanc vom Weingut Tement bringt die n\u00f6tige Klarheit ins Glas. Am Gaumen spritzig, lebendig, glockenklar.","og_url":"https:\/\/www.cb-weinhandel.de\/blog\/tement-2023-sauvignon-blanc\/","og_site_name":"CB-Weinblog","article_publisher":"https:\/\/www.facebook.com\/cbweinhandel.de","article_published_time":"2025-07-11T09:05:08+00:00","article_modified_time":"2025-07-11T09:05:17+00:00","og_image":[{"width":700,"height":466,"url":"https:\/\/www.cb-weinhandel.de\/blog\/wp-content\/uploads\/2025\/07\/Tement_lagen.jpg","type":"image\/jpeg"}],"author":"Yevgeniy Kucherskyy","twitter_card":"summary_large_image","twitter_misc":{"Verfasst von":"Yevgeniy Kucherskyy","Gesch\u00e4tzte Lesezeit":"3\u00a0Minuten"},"schema":{"@context":"https:\/\/schema.org","@graph":[{"@type":"Article","@id":"https:\/\/www.cb-weinhandel.de\/blog\/tement-2023-sauvignon-blanc\/#article","isPartOf":{"@id":"https:\/\/www.cb-weinhandel.de\/blog\/tement-2023-sauvignon-blanc\/"},"author":{"name":"Yevgeniy Kucherskyy","@id":"https:\/\/www.cb-weinhandel.de\/blog\/#\/schema\/person\/231767a416fdeeb7a19067dbce8c1cee"},"headline":"Tement 2023. Kalk, Kreide und ein Lichtblick im Glas","datePublished":"2025-07-11T09:05:08+00:00","dateModified":"2025-07-11T09:05:17+00:00","mainEntityOfPage":{"@id":"https:\/\/www.cb-weinhandel.de\/blog\/tement-2023-sauvignon-blanc\/"},"wordCount":491,"commentCount":0,"publisher":{"@id":"https:\/\/www.cb-weinhandel.de\/blog\/#organization"},"image":{"@id":"https:\/\/www.cb-weinhandel.de\/blog\/tement-2023-sauvignon-blanc\/#primaryimage"},"thumbnailUrl":"https:\/\/www.cb-weinhandel.de\/blog\/wp-content\/uploads\/2025\/07\/Tement_lagen.jpg","keywords":["Sauvignon Blanc"],"articleSection":["Rundschau"],"inLanguage":"de","potentialAction":[{"@type":"CommentAction","name":"Comment","target":["https:\/\/www.cb-weinhandel.de\/blog\/tement-2023-sauvignon-blanc\/#respond"]}]},{"@type":"WebPage","@id":"https:\/\/www.cb-weinhandel.de\/blog\/tement-2023-sauvignon-blanc\/","url":"https:\/\/www.cb-weinhandel.de\/blog\/tement-2023-sauvignon-blanc\/","name":"Tement 2023. Kalk, Kreide und ein Lichtblick im Glas - CB-Weinblog","isPartOf":{"@id":"https:\/\/www.cb-weinhandel.de\/blog\/#website"},"primaryImageOfPage":{"@id":"https:\/\/www.cb-weinhandel.de\/blog\/tement-2023-sauvignon-blanc\/#primaryimage"},"image":{"@id":"https:\/\/www.cb-weinhandel.de\/blog\/tement-2023-sauvignon-blanc\/#primaryimage"},"thumbnailUrl":"https:\/\/www.cb-weinhandel.de\/blog\/wp-content\/uploads\/2025\/07\/Tement_lagen.jpg","datePublished":"2025-07-11T09:05:08+00:00","dateModified":"2025-07-11T09:05:17+00:00","description":"Der 2023er \u201eKalk & Kreide\u201c Sauvignon Blanc vom Weingut Tement bringt die n\u00f6tige Klarheit ins Glas. Am Gaumen spritzig, lebendig, glockenklar.","breadcrumb":{"@id":"https:\/\/www.cb-weinhandel.de\/blog\/tement-2023-sauvignon-blanc\/#breadcrumb"},"inLanguage":"de","potentialAction":[{"@type":"ReadAction","target":["https:\/\/www.cb-weinhandel.de\/blog\/tement-2023-sauvignon-blanc\/"]}]},{"@type":"ImageObject","inLanguage":"de","@id":"https:\/\/www.cb-weinhandel.de\/blog\/tement-2023-sauvignon-blanc\/#primaryimage","url":"https:\/\/www.cb-weinhandel.de\/blog\/wp-content\/uploads\/2025\/07\/Tement_lagen.jpg","contentUrl":"https:\/\/www.cb-weinhandel.de\/blog\/wp-content\/uploads\/2025\/07\/Tement_lagen.jpg","width":700,"height":466,"caption":"Tement_Kalk_und_Kreide"},{"@type":"BreadcrumbList","@id":"https:\/\/www.cb-weinhandel.de\/blog\/tement-2023-sauvignon-blanc\/#breadcrumb","itemListElement":[{"@type":"ListItem","position":1,"name":"Startseite","item":"https:\/\/www.cb-weinhandel.de\/blog\/"},{"@type":"ListItem","position":2,"name":"Tement 2023. Kalk, Kreide und ein Lichtblick im Glas"}]},{"@type":"WebSite","@id":"https:\/\/www.cb-weinhandel.de\/blog\/#website","url":"https:\/\/www.cb-weinhandel.de\/blog\/","name":"CB-Weinblog","description":"Alles \u00fcber Wein","publisher":{"@id":"https:\/\/www.cb-weinhandel.de\/blog\/#organization"},"potentialAction":[{"@type":"SearchAction","target":{"@type":"EntryPoint","urlTemplate":"https:\/\/www.cb-weinhandel.de\/blog\/?s={search_term_string}"},"query-input":{"@type":"PropertyValueSpecification","valueRequired":true,"valueName":"search_term_string"}}],"inLanguage":"de"},{"@type":"Organization","@id":"https:\/\/www.cb-weinhandel.de\/blog\/#organization","name":"CB Weinhandel","url":"https:\/\/www.cb-weinhandel.de\/blog\/","logo":{"@type":"ImageObject","inLanguage":"de","@id":"https:\/\/www.cb-weinhandel.de\/blog\/#\/schema\/logo\/image\/","url":"https:\/\/www.cb-weinhandel.de\/blog\/wp-content\/uploads\/2023\/04\/CB-Logo.jpg","contentUrl":"https:\/\/www.cb-weinhandel.de\/blog\/wp-content\/uploads\/2023\/04\/CB-Logo.jpg","width":144,"height":163,"caption":"CB Weinhandel"},"image":{"@id":"https:\/\/www.cb-weinhandel.de\/blog\/#\/schema\/logo\/image\/"},"sameAs":["https:\/\/www.facebook.com\/cbweinhandel.de"]},{"@type":"Person","@id":"https:\/\/www.cb-weinhandel.de\/blog\/#\/schema\/person\/231767a416fdeeb7a19067dbce8c1cee","name":"Yevgeniy Kucherskyy","sameAs":["http:\/\/special-content.de"],"url":"https:\/\/www.cb-weinhandel.de\/blog\/author\/yevgeniy-kucherskyy\/"}]}},"_links":{"self":[{"href":"https:\/\/www.cb-weinhandel.de\/blog\/wp-json\/wp\/v2\/posts\/7932","targetHints":{"allow":["GET"]}}],"collection":[{"href":"https:\/\/www.cb-weinhandel.de\/blog\/wp-json\/wp\/v2\/posts"}],"about":[{"href":"https:\/\/www.cb-weinhandel.de\/blog\/wp-json\/wp\/v2\/types\/post"}],"author":[{"embeddable":true,"href":"https:\/\/www.cb-weinhandel.de\/blog\/wp-json\/wp\/v2\/users\/4"}],"replies":[{"embeddable":true,"href":"https:\/\/www.cb-weinhandel.de\/blog\/wp-json\/wp\/v2\/comments?post=7932"}],"version-history":[{"count":6,"href":"https:\/\/www.cb-weinhandel.de\/blog\/wp-json\/wp\/v2\/posts\/7932\/revisions"}],"predecessor-version":[{"id":7944,"href":"https:\/\/www.cb-weinhandel.de\/blog\/wp-json\/wp\/v2\/posts\/7932\/revisions\/7944"}],"wp:featuredmedia":[{"embeddable":true,"href":"https:\/\/www.cb-weinhandel.de\/blog\/wp-json\/wp\/v2\/media\/7939"}],"wp:attachment":[{"href":"https:\/\/www.cb-weinhandel.de\/blog\/wp-json\/wp\/v2\/media?parent=7932"}],"wp:term":[{"taxonomy":"category","embeddable":true,"href":"https:\/\/www.cb-weinhandel.de\/blog\/wp-json\/wp\/v2\/categories?post=7932"},{"taxonomy":"post_tag","embeddable":true,"href":"https:\/\/www.cb-weinhandel.de\/blog\/wp-json\/wp\/v2\/tags?post=7932"}],"curies":[{"name":"wp","href":"https:\/\/api.w.org\/{rel}","templated":true}]}}