{"id":223,"date":"2017-08-04T12:50:38","date_gmt":"2017-08-04T10:50:38","guid":{"rendered":"https:\/\/www.cb-weinhandel.de\/blog\/?p=223"},"modified":"2018-06-06T11:30:56","modified_gmt":"2018-06-06T09:30:56","slug":"reise-nach-bordeaux","status":"publish","type":"post","link":"https:\/\/www.cb-weinhandel.de\/blog\/reise-nach-bordeaux\/","title":{"rendered":"Reise nach Bordeaux"},"content":{"rendered":"<h2>Die Region und unser Wohnort<\/h2>\n<p>&nbsp;<\/p>\n<p><em><img loading=\"lazy\" decoding=\"async\" class=\"alignleft size-medium wp-image-265\" src=\"https:\/\/www.cb-weinhandel.de\/blog\/wp-content\/uploads\/2017\/08\/Gironde-300x200.jpg\" alt=\"\" width=\"300\" height=\"200\" srcset=\"https:\/\/www.cb-weinhandel.de\/blog\/wp-content\/uploads\/2017\/08\/Gironde-300x200.jpg 300w, https:\/\/www.cb-weinhandel.de\/blog\/wp-content\/uploads\/2017\/08\/Gironde-768x512.jpg 768w, https:\/\/www.cb-weinhandel.de\/blog\/wp-content\/uploads\/2017\/08\/Gironde.jpg 800w\" sizes=\"auto, (max-width: 300px) 100vw, 300px\" \/>Wer guten Wein liebt, liebt nicht nur das edle Getr\u00e4nk! \u2013 Diese Leidenschaft ern\u00e4hrt sich von der Romantik der alten Chateaus und den Geschichten der alten St\u00e4dte, sie gedeiht auf dem fruchtbaren Boden von Romanen und Gem\u00e4lden und wird mit dem Ozeanwind aus fernen L\u00e4ndern getragen.<\/em><\/p>\n<p><em>W\u00e4hrend unserer Reise durch Aquitanien haben wir uns dieser Romantik voll gewidmet. GRAND VIN DE BORDEAUX wachsen und reifen sehen, die Luft von Medoc einatmen, mit einem Glas Wein zwischen den Rebst\u00f6cken stehen \u2013 diese Impressionen teilen wir mit Ihnen in dieser Artikelreihe.<\/em><\/p>\n<p><em>Die Hauptstadt der Region <a href=\"https:\/\/de.wikipedia.org\/wiki\/Nouvelle-Aquitaine\" target=\"_blank\" rel=\"noopener\">Nouvelle-Aquitaine<\/a> &#8211; Bordeaux ist sehr romantisch. Spaziert man \u00fcber die breiten Promenaden oder schaut in die kleinen Gassen, hat alles einen einzigartigen Hauch von franz\u00f6sischem Geist und s\u00fcdl\u00e4ndischem Kolorit. Der gro\u00dfe Fluss tr\u00e4gt das S\u00fc\u00dfwasser durch das Stadtzentrum bis zum Atlantik. Unterwegs trifft Garonne auf seinen Gef\u00e4hrten Dore und wird so stark, dass er in etwa 50 Km einem Meer \u00e4hnelt.<\/em><\/p>\n<p>&nbsp;<\/p>\n<p><!--more--><\/p>\n<h2>Meschers<\/h2>\n<p>Nur die Wasserfarbe an den Ufern des Meschers sur Gironde (wenige Kilometer von der M\u00fcndung in Biskaya) verr\u00e4t seinen Ursprung, sonst k\u00f6nnte man in der Tat meinen, dass es sich um eine Atlantikbucht handelt. Schlie\u00dflich erreicht hier die Breite des Flusses stolze 12 Kilometer. Hier in Meschers f\u00e4ngt unsere Reise an. Unser Unterschlupf steckt im Gr\u00fcnen 250m vom Strand entfernt. Der Ort Meschers an sich ist klein und gem\u00fctlich. Hier findet man mehrere relativ kleine, aber sehr sch\u00f6ne Str\u00e4nde. Wer die Farbe des Ozeans liebt, wird aber schnell entt\u00e4uscht. Der Fluss versorgt das Wasser mit reichlich Schlamm und f\u00e4rbt es in graugr\u00fcne T\u00f6ne. Trotzdem wird hier gerne gebadet. Das Wasser schmeckt ziemlich salzig, dank der vom Atlantik kommenden Wellen. Auch Flut und Ebbe sind hier nicht zu \u00fcbersehen.<\/p>\n<p>Nach langer Reise entspannen wir uns am Ufer. Die Landschaften voller leuchtender Trauben und freundlicher Sonnenblumen, <img loading=\"lazy\" decoding=\"async\" class=\"size-medium wp-image-226 alignleft\" src=\"https:\/\/www.cb-weinhandel.de\/blog\/wp-content\/uploads\/2017\/08\/Meschers-Sur-Gironde-1-300x200.jpg\" alt=\"Reisebericht Meschers-sur-Gironde\" width=\"300\" height=\"200\" srcset=\"https:\/\/www.cb-weinhandel.de\/blog\/wp-content\/uploads\/2017\/08\/Meschers-Sur-Gironde-1-300x200.jpg 300w, https:\/\/www.cb-weinhandel.de\/blog\/wp-content\/uploads\/2017\/08\/Meschers-Sur-Gironde-1-768x512.jpg 768w, https:\/\/www.cb-weinhandel.de\/blog\/wp-content\/uploads\/2017\/08\/Meschers-Sur-Gironde-1.jpg 800w\" sizes=\"auto, (max-width: 300px) 100vw, 300px\" \/>der Duft der D\u00fcnen und die Frische des Ozeans \u2013 dies alles vermischt sich in unseren Weingl\u00e4sern. Von Meschers aus erkennt man das Ufer der <a href=\"https:\/\/de.wikipedia.org\/wiki\/M%C3%A9doc\" target=\"_blank\" rel=\"noopener\">Halbinsel Medoc<\/a>. Da m\u00fcssen wir unbedingt hin.<\/p>\n<p>Die Weingebiete der Halbinsel erreicht man mit der F\u00e4hre aus Royan, sonst f\u00e4hrt man einen gro\u00dfen Umweg \u00fcber die Br\u00fccken von Bordeaux (etwa 90 Km. nach S\u00fcden) oder nimmt eine andere F\u00e4hre in Blaye. Entlang des rechten Ufer findet man hier ebenfalls viele Weinbaugebiete und eine Menge interessante Weine.<\/p>\n<p><img loading=\"lazy\" decoding=\"async\" class=\"size-medium wp-image-229 alignright\" src=\"https:\/\/www.cb-weinhandel.de\/blog\/wp-content\/uploads\/2017\/08\/Frankreich-Monument-251x300.jpg\" alt=\"Reise durch Bordeaux und Umgebung\" width=\"251\" height=\"300\" srcset=\"https:\/\/www.cb-weinhandel.de\/blog\/wp-content\/uploads\/2017\/08\/Frankreich-Monument-251x300.jpg 251w, https:\/\/www.cb-weinhandel.de\/blog\/wp-content\/uploads\/2017\/08\/Frankreich-Monument-768x918.jpg 768w, https:\/\/www.cb-weinhandel.de\/blog\/wp-content\/uploads\/2017\/08\/Frankreich-Monument.jpg 800w\" sizes=\"auto, (max-width: 251px) 100vw, 251px\" \/><\/p>\n<p>Meschers teilt die Landschaft in zwei unterschiedlichen Teile. Richtung Norden findet man kaum Weinanbau. Statt Reben w\u00e4chst hier Mais. Die endlosen Felder mit Sonnenblumen leuchten in goldenen Farben. Hier findet man die sch\u00f6nsten Ozeanstr\u00e4nde und D\u00fcnen-Landschaften.<br \/>\nSeltsam, aber genau der Duft des K\u00fcstenwalds erinnert mich eindringlich an einige Weine aus der Region, wie zum Beispiel den Haut-Medoc von Chateau Cap L\u00b4Ousteau des Jahrgangs 2011. Vielleicht spiegelt sich genau die Komplexit\u00e4t dieses Dufts in der Komposition der vier Rebsorten (Merlot, Cabernet Sauvignon, Cabernet Franc und Petit Verdot) wider.<\/p>\n<p>F\u00e4hrt man nach S\u00fcden, trifft man zuerst auf Cognag-Destillerien. Die kleinen Orte unterwegs sind seltsam leer und ruhig. In jedem findet man eine kleine Kirche und errichtete Monumente f\u00fcr verstorbene franz\u00f6sische Soldaten \u2013 manchmal in Bezug auf gleich zwei Kriege aus den Jahren 1914-1918 und 1939-1945.<\/p>\n<p>Wir fahren weiter und erleben schon bald unsere erste spannende Begegnung. Dar\u00fcber schreiben wir in unserem n\u00e4chsten Beitrag. Und hier geht es weiter mit einer Fotogalerie.<\/p>\n<style type=\"text\/css\">\r\n\t#slgf_666 .gallery1 {\r\n\t\tdisplay: block !important;\r\n\t\twidth: 100% !important;\r\n\t\tmargin: 0 -5px !important; \/* Offset padding *\/\r\n\t}\r\n\t\r\n\t\/* Clearfix for container *\/\r\n\t#slgf_666 .gallery1:after {\r\n\t\tcontent: '';\r\n\t\tdisplay: block;\r\n\t\tclear: both;\r\n\t}\r\n\r\n\t#slgf_666 .wl-gallery {\r\n\t\tfloat: left !important;\r\n\t\tbox-sizing: border-box !important;\r\n\t\tpadding: 0 5px 10px 5px !important; \/* Horizontal padding + bottom margin *\/\r\n\t\tmargin: 0 !important;\r\n\t}\r\n\r\n\t\/* Two Column Layout *\/\r\n\t#slgf_666 .col-md-6 {\r\n\t\twidth: 50% !important;\r\n\t}\r\n\r\n\t\/* Three Column Layout *\/\r\n\t#slgf_666 .col-md-4 {\r\n\t\twidth: 33.33% !important;\r\n\t}\r\n\r\n\t#slgf_666 .col-md-3 {\r\n\t\twidth: 25% !important;\r\n\t}\r\n\r\n\t#slgf_666 .col-md-2 {\r\n\t\twidth: 16.66% !important;\r\n\t}\r\n\r\n\t#slgf_666 .b-link-stroke .b-top-line {\r\n\t\tbackground: rgba(10, 194, 210, 0.5);\r\n\t}\r\n\r\n\t#slgf_666 .b-link-stroke .b-bottom-line {\r\n\t\tbackground: rgba(10, 194, 210, 0.5);\r\n\t}\r\n\r\n\t#slgf_666 .b-wrapper {\r\n\t\tfont-family: font-name;\r\n\t}\r\n\r\n\t#slgf_666 .slgf_home_portfolio_caption {\r\n\t\tbackground: #FFFFFF;\r\n\t}\r\n\r\n\t#slgf_666 .slgf_home_portfolio_caption h3 {\r\n\t\tcolor: #000000;\r\n\t}\r\n\r\n\t#slgf_666 .slg_title_class {\r\n\t\tfont-weight: bolder;\r\n\t\tpadding-bottom: 20px;\r\n\t\tborder-bottom: 2px solid #cccccc;\r\n\t\tmargin-bottom: 20px;\r\n\t\tfont-family: font-name;\r\n\t\tcolor: #2271b1;\r\n\t}\r\n\t.fnf {\r\n\tbackground-color: #a92929;\r\n\tborder-radius: 5px;\r\n\tcolor: #fff;\r\n\tfont-family: initial;\r\n\ttext-align: center;\r\n\tpadding: 12px;\r\n\t}\r\n\t#slgf_666 .img-box-shadow { box-shadow: 0 0 6px rgba(0, 0, 0, .7); }<\/style>\t\r\n\t<div class=\"gal-container\" id=\"slgf_666\">\r\n\t\t\t\t\t<!--get the post id-->\r\n\t\t\t\r\n\t\t\t<!--Gallery Title-->\r\n\t\t\t\t\t\t\t<div class=\"slg_title_class\">\r\n\t\t\t\t\tMeschers\t\t\t\t<\/div>\r\n\t\t\t\t\t\t<div class=\"row\">\r\n\r\n\t\t\t\t<div class=\"gallery1 lightgallery_666\">\r\n\t\t\t\t\t\t\t\t\t<\/div>\r\n\t\t\t<\/div>\r\n\t\t\t<\/div>\r\n\r\n\t<!-- Swipe Box-->\r\n\t\n<h3><\/h3>\n<p>&nbsp;<\/p>\n<h3><a href=\"https:\/\/www.cb-weinhandel.de\/blog\/im-land-des-cognac\/\">Weiterlesen Teil II<\/a><\/h3>\n<p>&nbsp;<\/p>\n","protected":false},"excerpt":{"rendered":"<p>Die Region und unser Wohnort &nbsp; Wer guten Wein liebt, liebt nicht nur das edle Getr\u00e4nk! \u2013 Diese Leidenschaft ern\u00e4hrt sich von der Romantik der alten Chateaus und den Geschichten der alten St\u00e4dte, sie gedeiht auf dem fruchtbaren Boden von Romanen und Gem\u00e4lden und wird mit dem Ozeanwind aus fernen L\u00e4ndern getragen. W\u00e4hrend unserer Reise [&hellip;]<\/p>\n","protected":false},"author":4,"featured_media":267,"comment_status":"open","ping_status":"open","sticky":false,"template":"","format":"standard","meta":{"_et_pb_use_builder":"","_et_pb_old_content":"","_et_gb_content_width":"","footnotes":""},"categories":[16],"tags":[26,32],"class_list":["post-223","post","type-post","status-publish","format-standard","has-post-thumbnail","hentry","category-wein-pilger","tag-franzoesischer-wein","tag-bordeaux-reise"],"yoast_head":"<!-- This site is optimized with the Yoast SEO plugin v28.4 - https:\/\/yoast.com\/product\/yoast-seo-wordpress\/ -->\n<title>Reise nach Bordeaux - CB-Weinblog<\/title>\n<meta name=\"description\" content=\"Lesen Sie hier \u00fcber unsere Reise durch Bordeaux. In unserem Reisebericht erz\u00e4hlen wir \u00fcber die Stadt Bordeaux, Halbinsel Medoc und \u00fcber den Wein.\" \/>\n<meta name=\"robots\" content=\"index, follow, max-snippet:-1, max-image-preview:large, max-video-preview:-1\" \/>\n<link rel=\"canonical\" href=\"https:\/\/www.cb-weinhandel.de\/blog\/reise-nach-bordeaux\/\" \/>\n<meta property=\"og:locale\" content=\"de_DE\" \/>\n<meta property=\"og:type\" content=\"article\" \/>\n<meta property=\"og:title\" content=\"Reise nach Bordeaux - CB-Weinblog\" \/>\n<meta property=\"og:description\" content=\"Lesen Sie hier \u00fcber unsere Reise durch Bordeaux. In unserem Reisebericht erz\u00e4hlen wir \u00fcber die Stadt Bordeaux, Halbinsel Medoc und \u00fcber den Wein.\" \/>\n<meta property=\"og:url\" content=\"https:\/\/www.cb-weinhandel.de\/blog\/reise-nach-bordeaux\/\" \/>\n<meta property=\"og:site_name\" content=\"CB-Weinblog\" \/>\n<meta property=\"article:publisher\" content=\"https:\/\/www.facebook.com\/cbweinhandel.de\" \/>\n<meta property=\"article:published_time\" content=\"2017-08-04T10:50:38+00:00\" \/>\n<meta property=\"article:modified_time\" content=\"2018-06-06T09:30:56+00:00\" \/>\n<meta property=\"og:image\" content=\"https:\/\/www.cb-weinhandel.de\/blog\/wp-content\/uploads\/2017\/08\/Weinberg-M\u00fchle.jpg\" \/>\n\t<meta property=\"og:image:width\" content=\"800\" \/>\n\t<meta property=\"og:image:height\" content=\"495\" \/>\n\t<meta property=\"og:image:type\" content=\"image\/jpeg\" \/>\n<meta name=\"author\" content=\"Yevgeniy Kucherskyy\" \/>\n<meta name=\"twitter:card\" content=\"summary_large_image\" \/>\n<meta name=\"twitter:label1\" content=\"Verfasst von\" \/>\n\t<meta name=\"twitter:data1\" content=\"Yevgeniy Kucherskyy\" \/>\n\t<meta name=\"twitter:label2\" content=\"Gesch\u00e4tzte Lesezeit\" \/>\n\t<meta name=\"twitter:data2\" content=\"3\u00a0Minuten\" \/>\n<script type=\"application\/ld+json\" class=\"yoast-schema-graph\">{\"@context\":\"https:\\\/\\\/schema.org\",\"@graph\":[{\"@type\":\"Article\",\"@id\":\"https:\\\/\\\/www.cb-weinhandel.de\\\/blog\\\/reise-nach-bordeaux\\\/#article\",\"isPartOf\":{\"@id\":\"https:\\\/\\\/www.cb-weinhandel.de\\\/blog\\\/reise-nach-bordeaux\\\/\"},\"author\":{\"name\":\"Yevgeniy Kucherskyy\",\"@id\":\"https:\\\/\\\/www.cb-weinhandel.de\\\/blog\\\/#\\\/schema\\\/person\\\/231767a416fdeeb7a19067dbce8c1cee\"},\"headline\":\"Reise nach Bordeaux\",\"datePublished\":\"2017-08-04T10:50:38+00:00\",\"dateModified\":\"2018-06-06T09:30:56+00:00\",\"mainEntityOfPage\":{\"@id\":\"https:\\\/\\\/www.cb-weinhandel.de\\\/blog\\\/reise-nach-bordeaux\\\/\"},\"wordCount\":597,\"commentCount\":0,\"publisher\":{\"@id\":\"https:\\\/\\\/www.cb-weinhandel.de\\\/blog\\\/#organization\"},\"image\":{\"@id\":\"https:\\\/\\\/www.cb-weinhandel.de\\\/blog\\\/reise-nach-bordeaux\\\/#primaryimage\"},\"thumbnailUrl\":\"https:\\\/\\\/www.cb-weinhandel.de\\\/blog\\\/wp-content\\\/uploads\\\/2017\\\/08\\\/Weinberg-M\u00fchle.jpg\",\"keywords\":[\"Franz\u00f6sischer Wein\",\"Reise nach Bordeaux\"],\"articleSection\":[\"Wein-Pilger\"],\"inLanguage\":\"de\",\"potentialAction\":[{\"@type\":\"CommentAction\",\"name\":\"Comment\",\"target\":[\"https:\\\/\\\/www.cb-weinhandel.de\\\/blog\\\/reise-nach-bordeaux\\\/#respond\"]}]},{\"@type\":\"WebPage\",\"@id\":\"https:\\\/\\\/www.cb-weinhandel.de\\\/blog\\\/reise-nach-bordeaux\\\/\",\"url\":\"https:\\\/\\\/www.cb-weinhandel.de\\\/blog\\\/reise-nach-bordeaux\\\/\",\"name\":\"Reise nach Bordeaux - CB-Weinblog\",\"isPartOf\":{\"@id\":\"https:\\\/\\\/www.cb-weinhandel.de\\\/blog\\\/#website\"},\"primaryImageOfPage\":{\"@id\":\"https:\\\/\\\/www.cb-weinhandel.de\\\/blog\\\/reise-nach-bordeaux\\\/#primaryimage\"},\"image\":{\"@id\":\"https:\\\/\\\/www.cb-weinhandel.de\\\/blog\\\/reise-nach-bordeaux\\\/#primaryimage\"},\"thumbnailUrl\":\"https:\\\/\\\/www.cb-weinhandel.de\\\/blog\\\/wp-content\\\/uploads\\\/2017\\\/08\\\/Weinberg-M\u00fchle.jpg\",\"datePublished\":\"2017-08-04T10:50:38+00:00\",\"dateModified\":\"2018-06-06T09:30:56+00:00\",\"description\":\"Lesen Sie hier \u00fcber unsere Reise durch Bordeaux. In unserem Reisebericht erz\u00e4hlen wir \u00fcber die Stadt Bordeaux, Halbinsel Medoc und \u00fcber den Wein.\",\"breadcrumb\":{\"@id\":\"https:\\\/\\\/www.cb-weinhandel.de\\\/blog\\\/reise-nach-bordeaux\\\/#breadcrumb\"},\"inLanguage\":\"de\",\"potentialAction\":[{\"@type\":\"ReadAction\",\"target\":[\"https:\\\/\\\/www.cb-weinhandel.de\\\/blog\\\/reise-nach-bordeaux\\\/\"]}]},{\"@type\":\"ImageObject\",\"inLanguage\":\"de\",\"@id\":\"https:\\\/\\\/www.cb-weinhandel.de\\\/blog\\\/reise-nach-bordeaux\\\/#primaryimage\",\"url\":\"https:\\\/\\\/www.cb-weinhandel.de\\\/blog\\\/wp-content\\\/uploads\\\/2017\\\/08\\\/Weinberg-M\u00fchle.jpg\",\"contentUrl\":\"https:\\\/\\\/www.cb-weinhandel.de\\\/blog\\\/wp-content\\\/uploads\\\/2017\\\/08\\\/Weinberg-M\u00fchle.jpg\",\"width\":800,\"height\":495},{\"@type\":\"BreadcrumbList\",\"@id\":\"https:\\\/\\\/www.cb-weinhandel.de\\\/blog\\\/reise-nach-bordeaux\\\/#breadcrumb\",\"itemListElement\":[{\"@type\":\"ListItem\",\"position\":1,\"name\":\"Startseite\",\"item\":\"https:\\\/\\\/www.cb-weinhandel.de\\\/blog\\\/\"},{\"@type\":\"ListItem\",\"position\":2,\"name\":\"Reise nach Bordeaux\"}]},{\"@type\":\"WebSite\",\"@id\":\"https:\\\/\\\/www.cb-weinhandel.de\\\/blog\\\/#website\",\"url\":\"https:\\\/\\\/www.cb-weinhandel.de\\\/blog\\\/\",\"name\":\"CB-Weinblog\",\"description\":\"Alles \u00fcber Wein\",\"publisher\":{\"@id\":\"https:\\\/\\\/www.cb-weinhandel.de\\\/blog\\\/#organization\"},\"potentialAction\":[{\"@type\":\"SearchAction\",\"target\":{\"@type\":\"EntryPoint\",\"urlTemplate\":\"https:\\\/\\\/www.cb-weinhandel.de\\\/blog\\\/?s={search_term_string}\"},\"query-input\":{\"@type\":\"PropertyValueSpecification\",\"valueRequired\":true,\"valueName\":\"search_term_string\"}}],\"inLanguage\":\"de\"},{\"@type\":\"Organization\",\"@id\":\"https:\\\/\\\/www.cb-weinhandel.de\\\/blog\\\/#organization\",\"name\":\"CB Weinhandel\",\"url\":\"https:\\\/\\\/www.cb-weinhandel.de\\\/blog\\\/\",\"logo\":{\"@type\":\"ImageObject\",\"inLanguage\":\"de\",\"@id\":\"https:\\\/\\\/www.cb-weinhandel.de\\\/blog\\\/#\\\/schema\\\/logo\\\/image\\\/\",\"url\":\"https:\\\/\\\/www.cb-weinhandel.de\\\/blog\\\/wp-content\\\/uploads\\\/2023\\\/04\\\/CB-Logo.jpg\",\"contentUrl\":\"https:\\\/\\\/www.cb-weinhandel.de\\\/blog\\\/wp-content\\\/uploads\\\/2023\\\/04\\\/CB-Logo.jpg\",\"width\":144,\"height\":163,\"caption\":\"CB Weinhandel\"},\"image\":{\"@id\":\"https:\\\/\\\/www.cb-weinhandel.de\\\/blog\\\/#\\\/schema\\\/logo\\\/image\\\/\"},\"sameAs\":[\"https:\\\/\\\/www.facebook.com\\\/cbweinhandel.de\"]},{\"@type\":\"Person\",\"@id\":\"https:\\\/\\\/www.cb-weinhandel.de\\\/blog\\\/#\\\/schema\\\/person\\\/231767a416fdeeb7a19067dbce8c1cee\",\"name\":\"Yevgeniy Kucherskyy\",\"sameAs\":[\"http:\\\/\\\/special-content.de\"],\"url\":\"https:\\\/\\\/www.cb-weinhandel.de\\\/blog\\\/author\\\/yevgeniy-kucherskyy\\\/\"}]}<\/script>\n<!-- \/ Yoast SEO plugin. -->","yoast_head_json":{"title":"Reise nach Bordeaux - CB-Weinblog","description":"Lesen Sie hier \u00fcber unsere Reise durch Bordeaux. In unserem Reisebericht erz\u00e4hlen wir \u00fcber die Stadt Bordeaux, Halbinsel Medoc und \u00fcber den Wein.","robots":{"index":"index","follow":"follow","max-snippet":"max-snippet:-1","max-image-preview":"max-image-preview:large","max-video-preview":"max-video-preview:-1"},"canonical":"https:\/\/www.cb-weinhandel.de\/blog\/reise-nach-bordeaux\/","og_locale":"de_DE","og_type":"article","og_title":"Reise nach Bordeaux - CB-Weinblog","og_description":"Lesen Sie hier \u00fcber unsere Reise durch Bordeaux. In unserem Reisebericht erz\u00e4hlen wir \u00fcber die Stadt Bordeaux, Halbinsel Medoc und \u00fcber den Wein.","og_url":"https:\/\/www.cb-weinhandel.de\/blog\/reise-nach-bordeaux\/","og_site_name":"CB-Weinblog","article_publisher":"https:\/\/www.facebook.com\/cbweinhandel.de","article_published_time":"2017-08-04T10:50:38+00:00","article_modified_time":"2018-06-06T09:30:56+00:00","og_image":[{"width":800,"height":495,"url":"https:\/\/www.cb-weinhandel.de\/blog\/wp-content\/uploads\/2017\/08\/Weinberg-M\u00fchle.jpg","type":"image\/jpeg"}],"author":"Yevgeniy Kucherskyy","twitter_card":"summary_large_image","twitter_misc":{"Verfasst von":"Yevgeniy Kucherskyy","Gesch\u00e4tzte Lesezeit":"3\u00a0Minuten"},"schema":{"@context":"https:\/\/schema.org","@graph":[{"@type":"Article","@id":"https:\/\/www.cb-weinhandel.de\/blog\/reise-nach-bordeaux\/#article","isPartOf":{"@id":"https:\/\/www.cb-weinhandel.de\/blog\/reise-nach-bordeaux\/"},"author":{"name":"Yevgeniy Kucherskyy","@id":"https:\/\/www.cb-weinhandel.de\/blog\/#\/schema\/person\/231767a416fdeeb7a19067dbce8c1cee"},"headline":"Reise nach Bordeaux","datePublished":"2017-08-04T10:50:38+00:00","dateModified":"2018-06-06T09:30:56+00:00","mainEntityOfPage":{"@id":"https:\/\/www.cb-weinhandel.de\/blog\/reise-nach-bordeaux\/"},"wordCount":597,"commentCount":0,"publisher":{"@id":"https:\/\/www.cb-weinhandel.de\/blog\/#organization"},"image":{"@id":"https:\/\/www.cb-weinhandel.de\/blog\/reise-nach-bordeaux\/#primaryimage"},"thumbnailUrl":"https:\/\/www.cb-weinhandel.de\/blog\/wp-content\/uploads\/2017\/08\/Weinberg-M\u00fchle.jpg","keywords":["Franz\u00f6sischer Wein","Reise nach Bordeaux"],"articleSection":["Wein-Pilger"],"inLanguage":"de","potentialAction":[{"@type":"CommentAction","name":"Comment","target":["https:\/\/www.cb-weinhandel.de\/blog\/reise-nach-bordeaux\/#respond"]}]},{"@type":"WebPage","@id":"https:\/\/www.cb-weinhandel.de\/blog\/reise-nach-bordeaux\/","url":"https:\/\/www.cb-weinhandel.de\/blog\/reise-nach-bordeaux\/","name":"Reise nach Bordeaux - CB-Weinblog","isPartOf":{"@id":"https:\/\/www.cb-weinhandel.de\/blog\/#website"},"primaryImageOfPage":{"@id":"https:\/\/www.cb-weinhandel.de\/blog\/reise-nach-bordeaux\/#primaryimage"},"image":{"@id":"https:\/\/www.cb-weinhandel.de\/blog\/reise-nach-bordeaux\/#primaryimage"},"thumbnailUrl":"https:\/\/www.cb-weinhandel.de\/blog\/wp-content\/uploads\/2017\/08\/Weinberg-M\u00fchle.jpg","datePublished":"2017-08-04T10:50:38+00:00","dateModified":"2018-06-06T09:30:56+00:00","description":"Lesen Sie hier \u00fcber unsere Reise durch Bordeaux. In unserem Reisebericht erz\u00e4hlen wir \u00fcber die Stadt Bordeaux, Halbinsel Medoc und \u00fcber den Wein.","breadcrumb":{"@id":"https:\/\/www.cb-weinhandel.de\/blog\/reise-nach-bordeaux\/#breadcrumb"},"inLanguage":"de","potentialAction":[{"@type":"ReadAction","target":["https:\/\/www.cb-weinhandel.de\/blog\/reise-nach-bordeaux\/"]}]},{"@type":"ImageObject","inLanguage":"de","@id":"https:\/\/www.cb-weinhandel.de\/blog\/reise-nach-bordeaux\/#primaryimage","url":"https:\/\/www.cb-weinhandel.de\/blog\/wp-content\/uploads\/2017\/08\/Weinberg-M\u00fchle.jpg","contentUrl":"https:\/\/www.cb-weinhandel.de\/blog\/wp-content\/uploads\/2017\/08\/Weinberg-M\u00fchle.jpg","width":800,"height":495},{"@type":"BreadcrumbList","@id":"https:\/\/www.cb-weinhandel.de\/blog\/reise-nach-bordeaux\/#breadcrumb","itemListElement":[{"@type":"ListItem","position":1,"name":"Startseite","item":"https:\/\/www.cb-weinhandel.de\/blog\/"},{"@type":"ListItem","position":2,"name":"Reise nach Bordeaux"}]},{"@type":"WebSite","@id":"https:\/\/www.cb-weinhandel.de\/blog\/#website","url":"https:\/\/www.cb-weinhandel.de\/blog\/","name":"CB-Weinblog","description":"Alles \u00fcber Wein","publisher":{"@id":"https:\/\/www.cb-weinhandel.de\/blog\/#organization"},"potentialAction":[{"@type":"SearchAction","target":{"@type":"EntryPoint","urlTemplate":"https:\/\/www.cb-weinhandel.de\/blog\/?s={search_term_string}"},"query-input":{"@type":"PropertyValueSpecification","valueRequired":true,"valueName":"search_term_string"}}],"inLanguage":"de"},{"@type":"Organization","@id":"https:\/\/www.cb-weinhandel.de\/blog\/#organization","name":"CB Weinhandel","url":"https:\/\/www.cb-weinhandel.de\/blog\/","logo":{"@type":"ImageObject","inLanguage":"de","@id":"https:\/\/www.cb-weinhandel.de\/blog\/#\/schema\/logo\/image\/","url":"https:\/\/www.cb-weinhandel.de\/blog\/wp-content\/uploads\/2023\/04\/CB-Logo.jpg","contentUrl":"https:\/\/www.cb-weinhandel.de\/blog\/wp-content\/uploads\/2023\/04\/CB-Logo.jpg","width":144,"height":163,"caption":"CB Weinhandel"},"image":{"@id":"https:\/\/www.cb-weinhandel.de\/blog\/#\/schema\/logo\/image\/"},"sameAs":["https:\/\/www.facebook.com\/cbweinhandel.de"]},{"@type":"Person","@id":"https:\/\/www.cb-weinhandel.de\/blog\/#\/schema\/person\/231767a416fdeeb7a19067dbce8c1cee","name":"Yevgeniy Kucherskyy","sameAs":["http:\/\/special-content.de"],"url":"https:\/\/www.cb-weinhandel.de\/blog\/author\/yevgeniy-kucherskyy\/"}]}},"_links":{"self":[{"href":"https:\/\/www.cb-weinhandel.de\/blog\/wp-json\/wp\/v2\/posts\/223","targetHints":{"allow":["GET"]}}],"collection":[{"href":"https:\/\/www.cb-weinhandel.de\/blog\/wp-json\/wp\/v2\/posts"}],"about":[{"href":"https:\/\/www.cb-weinhandel.de\/blog\/wp-json\/wp\/v2\/types\/post"}],"author":[{"embeddable":true,"href":"https:\/\/www.cb-weinhandel.de\/blog\/wp-json\/wp\/v2\/users\/4"}],"replies":[{"embeddable":true,"href":"https:\/\/www.cb-weinhandel.de\/blog\/wp-json\/wp\/v2\/comments?post=223"}],"version-history":[{"count":0,"href":"https:\/\/www.cb-weinhandel.de\/blog\/wp-json\/wp\/v2\/posts\/223\/revisions"}],"wp:featuredmedia":[{"embeddable":true,"href":"https:\/\/www.cb-weinhandel.de\/blog\/wp-json\/wp\/v2\/media\/267"}],"wp:attachment":[{"href":"https:\/\/www.cb-weinhandel.de\/blog\/wp-json\/wp\/v2\/media?parent=223"}],"wp:term":[{"taxonomy":"category","embeddable":true,"href":"https:\/\/www.cb-weinhandel.de\/blog\/wp-json\/wp\/v2\/categories?post=223"},{"taxonomy":"post_tag","embeddable":true,"href":"https:\/\/www.cb-weinhandel.de\/blog\/wp-json\/wp\/v2\/tags?post=223"}],"curies":[{"name":"wp","href":"https:\/\/api.w.org\/{rel}","templated":true}]}}